{"id":496736,"date":"2011-10-09T16:33:34","date_gmt":"2011-10-09T14:33:34","guid":{"rendered":"http:\/\/diablo3.ingame.de\/?p=496736"},"modified":"2011-10-09T16:33:34","modified_gmt":"2011-10-09T14:33:34","slug":"blizzard-veroffentlicht-neue-diablo-3-fanart","status":"publish","type":"post","link":"https:\/\/planetdiablo.eu\/de\/blizzard-veroffentlicht-neue-diablo-3-fanart\/496736\/","title":{"rendered":"Blizzard ver\u00f6ffentlicht neue Diablo 3 Fanart"},"content":{"rendered":"<p>\nDer Start der Closed Beta bringt viele neue Informationen zum lange erwarteten Diablo&nbsp;3 mit sich. Doch auch dar\u00fcber hinaus gibt es Neues zu sehen, denn am vergangenen Freitag hat Blizzard seine <a href=\"http:\/\/us.battle.net\/d3\/en\/media\/fanart\/\" target=\"_blank\" rel=\"noopener\">Fan Art Sektion<\/a> um f\u00fcnf neuen Bilder aus dem Diablo Universum erweitert.\n<\/p>\n<p>\nDiese zeigen vier der f\u00fcnf Diablo 3 Charaktere im Kampf gegen die M\u00e4chte des B\u00f6sen, wie etwa den <a href=\"http:\/\/diablo3.ingame.de\/diablo-3\/die-charaktere\/die-hexendoktoren\/\" target=\"_blank\" rel=\"noopener\">Hexendoktor<\/a> beim Beschw\u00f6ren einer <a href=\"http:\/\/diablo3.ingame.de\/diablo-3\/die-charaktere\/die-hexendoktoren\/hexendoktoren-skills\/#Wall%20of%20Zombies\" target=\"_blank\" rel=\"noopener\">Wall of Zombies<\/a>. Auch neue Artworks des m\u00e4nnlichen und weiblichen <a href=\"http:\/\/diablo3.ingame.de\/diablo-3\/die-charaktere\/die-moenche\/\" target=\"_blank\" rel=\"noopener\">M\u00f6nchs<\/a> sowie der <a href=\"http:\/\/diablo3.ingame.de\/diablo-3\/die-charaktere\/die-zauberer\/\" target=\"_blank\" rel=\"noopener\">Zauberin<\/a> und des <a href=\"http:\/\/diablo3.ingame.de\/diablo-3\/die-charaktere\/die-barbaren\/\" target=\"_blank\" rel=\"noopener\">Barbaren<\/a> gibt es zu sehen:\n<\/p>\n\n","protected":false},"excerpt":{"rendered":"<p>Der Start der Closed Beta bringt viele neue Informationen zum lange erwarteten Diablo&nbsp;3 mit sich. Doch auch dar\u00fcber hinaus gibt es Neues zu sehen, denn am vergangenen Freitag hat Blizzard seine Fan Art Sektion um f\u00fcnf neuen Bilder aus dem Diablo Universum erweitert. Diese zeigen vier der f\u00fcnf Diablo 3 Charaktere im Kampf gegen die&hellip; <a class=\"more-link\" href=\"https:\/\/planetdiablo.eu\/de\/blizzard-veroffentlicht-neue-diablo-3-fanart\/496736\/\"><span class=\"screen-reader-text\">Blizzard ver\u00f6ffentlicht neue Diablo 3 Fanart<\/span> weiterlesen<\/a><\/p>\n","protected":false},"author":751,"featured_media":0,"comment_status":"open","ping_status":"open","sticky":false,"template":"","format":"standard","meta":{"footnotes":""},"categories":[3],"tags":[144,436,572],"class_list":["post-496736","post","type-post","status-publish","format-standard","hentry","category-news","tag-artworks","tag-diablo-3","tag-fan-art","entry"],"_links":{"self":[{"href":"https:\/\/planetdiablo.eu\/de\/wp-json\/wp\/v2\/posts\/496736","targetHints":{"allow":["GET"]}}],"collection":[{"href":"https:\/\/planetdiablo.eu\/de\/wp-json\/wp\/v2\/posts"}],"about":[{"href":"https:\/\/planetdiablo.eu\/de\/wp-json\/wp\/v2\/types\/post"}],"author":[{"embeddable":true,"href":"https:\/\/planetdiablo.eu\/de\/wp-json\/wp\/v2\/users\/751"}],"replies":[{"embeddable":true,"href":"https:\/\/planetdiablo.eu\/de\/wp-json\/wp\/v2\/comments?post=496736"}],"version-history":[{"count":0,"href":"https:\/\/planetdiablo.eu\/de\/wp-json\/wp\/v2\/posts\/496736\/revisions"}],"wp:attachment":[{"href":"https:\/\/planetdiablo.eu\/de\/wp-json\/wp\/v2\/media?parent=496736"}],"wp:term":[{"taxonomy":"category","embeddable":true,"href":"https:\/\/planetdiablo.eu\/de\/wp-json\/wp\/v2\/categories?post=496736"},{"taxonomy":"post_tag","embeddable":true,"href":"https:\/\/planetdiablo.eu\/de\/wp-json\/wp\/v2\/tags?post=496736"}],"curies":[{"name":"wp","href":"https:\/\/api.w.org\/{rel}","templated":true}]}}