{"id":536195,"date":"2012-10-16T18:17:01","date_gmt":"2012-10-16T16:17:01","guid":{"rendered":"http:\/\/diablo3.ingame.de\/?p=536195"},"modified":"2012-10-16T18:17:01","modified_gmt":"2012-10-16T16:17:01","slug":"diablo-3-warum-pvp-mit-patch-1-1-kommt","status":"publish","type":"post","link":"https:\/\/planetdiablo.eu\/de\/diablo-3-warum-pvp-mit-patch-1-1-kommt\/536195\/","title":{"rendered":"Diablo 3: Warum PvP mit Patch 1.1 kommt"},"content":{"rendered":"<p><img loading=\"lazy\" decoding=\"async\" src=\"http:\/\/diablo3.ingame.de\/files\/2011\/11\/Arena-251x207.jpg\" alt=\"\" width=\"200\" height=\"165\" class=\"newsimage alignright size-medium wp-image-500295\" \/><\/p>\n<p>Die H\u00e4lfte ihrer Zeit verbringen die Community Manager in den offiziellen Blizzard-Foren damit, Ger\u00fcchte oder wilde Spekulationen zu dementieren. Vor allem dann, wenn man den Entwicklern von Diablo 3 Unwahrheiten oder Profitsucht unterstellt.<\/p>\n<p>Ger\u00fcchte, dass die PvP-Arena erst in einer eigenen Erweiterung k\u00e4me, <a href=\"http:\/\/us.battle.net\/d3\/en\/forum\/topic\/6794732583?page=17#331\" target=\"_blank\" rel=\"noopener\">riefen daher umgehend Community Manager Lylirra auf den Plan<\/a>. Diese stellte klar, dass die Arena kostenlos in Patch 1.1.0 enthalten sein wird und erz\u00e4hlte dabei einige interessante Dinge zur Entwicklungsgeschichte des PvP-Modus in Diablo 3:<\/p>\n<div class=\"blizzquote\">\n<p>Wir waren mit dem PvP-System, das wir hatten, als wir Diablo 3 herausbrachten, nicht zufrieden und haben es daher nicht mit ver\u00f6ffentlicht. Wir arbeiten nach wie vor an der Arena und planen sie mit Patch 1.1.0 als kostenloses Update zu ver\u00f6ffentlichen. Wir halten euch bez\u00fcglich des Fortschrittes auf dem Laufenden.<\/p>\n<p>Unsere Entwickler sind es, die bestimmt haben, ob und wann das Spiel fertig war. Und wir haben das Spiel erst herausgebracht, als wir der Meinung waren, dass es genau das gro\u00dfartige Spiel ist, dass wir wollten. Jedes Spiel, das Blizzard ver\u00f6ffentlicht hat, hatte direkt nach dem Launch seine Probleme &#8211; entweder Designprobleme oder Bugs. Selbst mit viel Testen und einer \u00f6ffentlichen Beta l\u00e4sst sich nicht alles ausr\u00e4umen.<\/p>\n<p>[swaptext=&#8220;Originalzitat&#8220;]<\/p>\n<p>In terms of PvP, we didn&#8217;t feel like the system we had at the time we launched Diablo III was up to par, so we elected not to release it along side the actual game. We&#8217;re continuing to work on PvP, though, and are currently looking to release it with 1.1.0 as a free content update (as we&#8217;ve said before). We also hope to share more updates in the near future on its progress. <\/p>\n<p>In terms of the actual game, our development team had total say on if and when Diablo III was ready for release, and we shipped it only after we felt it had met our vision for what a great game could be on day 1. Every game that Blizzard has released, though, has had some problems after launch &#8212; either in terms of design or actual bugs. Even with lots of internal testing and a public beta, certain issues can be very difficult to find or predict and only come to light once millions of players have logged in, pushed the limits of the game&#8217;s design, and shared their feedback.<\/p>\n<p>[\/swaptext]\n<\/p><\/div>\n<p>Man sollte dabei allerdings mehrere Dinge im Auge behalten: <em>Blizzard<\/em> bestand darauf, den \u00f6ffentlichen Betatest nur \u00fcber die H\u00e4lfte eines einzigen Aktes gehen zu lassen. Dass das Endgame &#8211; Hauptsorge der meisten Kritiker &#8211; also nicht dem eigenen hohen Anspruch gen\u00fcgt, liegt an den Spielentwicklern selbst. Ebenso l\u00e4sst sich der Vorwurf, man pr\u00e4sentiere bei Blizzard nun Features, die eigentlich in der Verkaufsversion sein sollten, als Kundenservice, nicht ausr\u00e4umen. Dennoch sollten die Fans fair bleiben und Blizzard nicht vorwerfen, dass all dies immer nur aus Gewinnsucht geschehe.<\/p>\n<ul>\n<li><a href=\"http:\/\/us.battle.net\/d3\/en\/forum\/topic\/6794732583?page=17#331\" target=\"_blank\" rel=\"noopener\">Bluepost von Lylirra<\/a><\/li>\n<\/ul>\n","protected":false},"excerpt":{"rendered":"<p>Die H\u00e4lfte ihrer Zeit verbringen die Community Manager in den offiziellen Blizzard-Foren damit, Ger\u00fcchte oder wilde Spekulationen zu dementieren. Vor allem dann, wenn man den Entwicklern von Diablo 3 Unwahrheiten oder Profitsucht unterstellt. Ger\u00fcchte, dass die PvP-Arena erst in einer eigenen Erweiterung k\u00e4me, riefen daher umgehend Community Manager Lylirra auf den Plan. Diese stellte klar,&hellip; <a class=\"more-link\" href=\"https:\/\/planetdiablo.eu\/de\/diablo-3-warum-pvp-mit-patch-1-1-kommt\/536195\/\"><span class=\"screen-reader-text\">Diablo 3: Warum PvP mit Patch 1.1 kommt<\/span> weiterlesen<\/a><\/p>\n","protected":false},"author":759,"featured_media":0,"comment_status":"open","ping_status":"open","sticky":false,"template":"","format":"standard","meta":{"footnotes":""},"categories":[5,3],"tags":[134,436,1155,1270],"class_list":["post-536195","post","type-post","status-publish","format-standard","hentry","category-gaming-news","category-news","tag-arena","tag-diablo-3","tag-patch-1-10","tag-pvp-2","entry"],"_links":{"self":[{"href":"https:\/\/planetdiablo.eu\/de\/wp-json\/wp\/v2\/posts\/536195","targetHints":{"allow":["GET"]}}],"collection":[{"href":"https:\/\/planetdiablo.eu\/de\/wp-json\/wp\/v2\/posts"}],"about":[{"href":"https:\/\/planetdiablo.eu\/de\/wp-json\/wp\/v2\/types\/post"}],"author":[{"embeddable":true,"href":"https:\/\/planetdiablo.eu\/de\/wp-json\/wp\/v2\/users\/759"}],"replies":[{"embeddable":true,"href":"https:\/\/planetdiablo.eu\/de\/wp-json\/wp\/v2\/comments?post=536195"}],"version-history":[{"count":0,"href":"https:\/\/planetdiablo.eu\/de\/wp-json\/wp\/v2\/posts\/536195\/revisions"}],"wp:attachment":[{"href":"https:\/\/planetdiablo.eu\/de\/wp-json\/wp\/v2\/media?parent=536195"}],"wp:term":[{"taxonomy":"category","embeddable":true,"href":"https:\/\/planetdiablo.eu\/de\/wp-json\/wp\/v2\/categories?post=536195"},{"taxonomy":"post_tag","embeddable":true,"href":"https:\/\/planetdiablo.eu\/de\/wp-json\/wp\/v2\/tags?post=536195"}],"curies":[{"name":"wp","href":"https:\/\/api.w.org\/{rel}","templated":true}]}}