{"id":539267,"date":"2013-01-11T09:21:04","date_gmt":"2013-01-11T08:21:04","guid":{"rendered":"http:\/\/diablo3.ingame.de\/?p=539267"},"modified":"2013-01-11T09:21:04","modified_gmt":"2013-01-11T08:21:04","slug":"diablo-3-patchnotes-1-0-7-bald-und-nephalem-valor-aktubergreifend","status":"publish","type":"post","link":"https:\/\/planetdiablo.eu\/de\/diablo-3-patchnotes-1-0-7-bald-und-nephalem-valor-aktubergreifend\/539267\/","title":{"rendered":"Diablo 3: Patchnotes 1.0.7 bald und Nephalem Valor akt\u00fcbergreifend"},"content":{"rendered":"<p><img loading=\"lazy\" decoding=\"async\" src=\"http:\/\/diablo3.ingame.de\/files\/2012\/11\/diablo-3-patchnotes107-251x108.jpg\" alt=\"Diablo 3 Patch 1.0.7\" title=\"diablo-3-patchnotes107\" width=\"251\" height=\"108\" class=\"alignright size-medium wp-image-538079 newsimage\" \/><\/p>\n<p>Erst k\u00fcrzlich hat Blizzard <a href=\"http:\/\/diablo3.ingame.de\/539255\/diablo-3-patch-1-0-7-ptr-ankundigung-und-linuxportierung\/\" target=\"_blank\" rel=\"noopener\">bekanntgegeben<\/a>, dass der Patch 1.0.7 f\u00fcr Diablo 3 irgendwann demn\u00e4chst rauskommt, freilich, ohne ein genaues Datum nennen zu k\u00f6nnen. An letzterem hat sich leider nichts ge\u00e4ndert, aber Community Manager Vaneras hat gestern zugestanden, dass sich Patch 1.0.7 auf der Zielgeraden befindet und die Patchnotes derzeit geschrieben werden:<\/p>\n<div class=\"blizzquote\">\n<p><strong><a href=\"http:\/\/eu.battle.net\/d3\/en\/forum\/topic\/6297431519?page=6#101\" target=\"_blank\" rel=\"noopener\">Vaneras<\/a><\/strong>: Die Patchnotes sind noch nicht geschrieben, aber wir sind so ziemlich fertig damit, weswegen ich so wagemutig bin zu sagen, dass sie &#8222;ziemlich bald&#8220; kommen. <\/p>\n<p>Ich bin mir nicht sicher ob sie heute kommen, ich kann das schlicht nicht versprechen. Ich w\u00fcrde Euch gerne einen genauen Zeitpunkt nennen wenn ich k\u00f6nnte, aber das ist nicht m\u00f6glich, da es immer noch \u00c4nderungen in letzter Minute geben kann. Deswegen sehe ich mich gen\u00f6tigt, so viele Varianten des Worts &#8222;bald&#8220; zu verwenden \ud83d\ude42<\/p>\n<p>[swaptext link=&#8220;\u00bb Original-Zitat&#8220;]<\/p>\n<p>Yup. The notes are not quite finished yet but they are being finalised now, which is why I am going to go all out crazy now and use the words &#8222;quite soon&#8220; :-O<\/p>\n<p>Not sure it will be today, I just can&#8217;t promise that. I really would give you guys an exact time and date if I could, but that is not possible to do as there may be some last minute changes&#8230; this is why I feel so compelled to make variants of the word &#8222;soon&#8220; \ud83d\ude42 <\/p>\n<p>[\/swaptext]<\/p><\/div>\n<p>So wie es aussieht, m\u00fcssen wir in jedem Fall nicht mehr so lange warten. Eine weitere gute Neuigkeit f\u00fcr die Diablo 3 Community hat der Community Manager Lylirra in einem Zusatz zu einem \u00e4lteren Post zu vermelden:<\/p>\n<div class=\"blizzquote\">\n<p><strong><a href=\"http:\/\/us.battle.net\/d3\/en\/forum\/topic\/7004017081?page=3#47\" target=\"_blank\" rel=\"noopener\">Lylirra<\/a><\/strong>: Oh- und als Erg\u00e4nzung &#8211; ich wei\u00df nicht mehr wer das gefragt aber da es hier reinpasst: Wir arbeiten daran, dass der Nephalem Valor \u00fcber alle Akte erhalten bleibt.<\/p>\n<p>[swaptext link=&#8220;\u00bb Original-Zitat&#8220;]<\/p>\n<p>(Oh, and PS &#8211; I can&#8217;t seem to find the post where this was asked, but since it&#8217;s related, we are working to allow NV stacks to persist across Acts.)<\/p>\n<p>[\/swaptext]<\/p><\/div>\n<p>Welche \u00c4nderungen hierf\u00fcr notwendig sind und ob Blizzard dieses von vielen gew\u00fcnschte Verhalten bereits in Patch 1.0.7 einbaut &#8211; wir werden sehen.<\/p>\n","protected":false},"excerpt":{"rendered":"<p>Erst k\u00fcrzlich hat Blizzard bekanntgegeben, dass der Patch 1.0.7 f\u00fcr Diablo 3 irgendwann demn\u00e4chst rauskommt, freilich, ohne ein genaues Datum nennen zu k\u00f6nnen. An letzterem hat sich leider nichts ge\u00e4ndert, aber Community Manager Vaneras hat gestern zugestanden, dass sich Patch 1.0.7 auf der Zielgeraden befindet und die Patchnotes derzeit geschrieben werden: Vaneras: Die Patchnotes sind&hellip; <a class=\"more-link\" href=\"https:\/\/planetdiablo.eu\/de\/diablo-3-patchnotes-1-0-7-bald-und-nephalem-valor-aktubergreifend\/539267\/\"><span class=\"screen-reader-text\">Diablo 3: Patchnotes 1.0.7 bald und Nephalem Valor akt\u00fcbergreifend<\/span> weiterlesen<\/a><\/p>\n","protected":false},"author":762,"featured_media":0,"comment_status":"open","ping_status":"open","sticky":false,"template":"","format":"standard","meta":{"footnotes":""},"categories":[5,3],"tags":[436,956,1068,1146,1270,1707],"class_list":["post-539267","post","type-post","status-publish","format-standard","hentry","category-gaming-news","category-news","tag-diablo-3","tag-lylirra","tag-nephalem-valor","tag-patch-1-0-7","tag-pvp-2","tag-vaneras","entry"],"_links":{"self":[{"href":"https:\/\/planetdiablo.eu\/de\/wp-json\/wp\/v2\/posts\/539267","targetHints":{"allow":["GET"]}}],"collection":[{"href":"https:\/\/planetdiablo.eu\/de\/wp-json\/wp\/v2\/posts"}],"about":[{"href":"https:\/\/planetdiablo.eu\/de\/wp-json\/wp\/v2\/types\/post"}],"author":[{"embeddable":true,"href":"https:\/\/planetdiablo.eu\/de\/wp-json\/wp\/v2\/users\/762"}],"replies":[{"embeddable":true,"href":"https:\/\/planetdiablo.eu\/de\/wp-json\/wp\/v2\/comments?post=539267"}],"version-history":[{"count":0,"href":"https:\/\/planetdiablo.eu\/de\/wp-json\/wp\/v2\/posts\/539267\/revisions"}],"wp:attachment":[{"href":"https:\/\/planetdiablo.eu\/de\/wp-json\/wp\/v2\/media?parent=539267"}],"wp:term":[{"taxonomy":"category","embeddable":true,"href":"https:\/\/planetdiablo.eu\/de\/wp-json\/wp\/v2\/categories?post=539267"},{"taxonomy":"post_tag","embeddable":true,"href":"https:\/\/planetdiablo.eu\/de\/wp-json\/wp\/v2\/tags?post=539267"}],"curies":[{"name":"wp","href":"https:\/\/api.w.org\/{rel}","templated":true}]}}