{"id":546535,"date":"2013-08-13T22:51:57","date_gmt":"2013-08-13T20:51:57","guid":{"rendered":"http:\/\/diablo3.ingame.de\/?p=546535"},"modified":"2013-08-13T22:51:57","modified_gmt":"2013-08-13T20:51:57","slug":"neues-blizzard-trademark-the-dark-below","status":"publish","type":"post","link":"https:\/\/planetdiablo.eu\/de\/neues-blizzard-trademark-the-dark-below\/546535\/","title":{"rendered":"Neue Blizzard Trademark: &quot;The Dark Below&quot;"},"content":{"rendered":"<p><img loading=\"lazy\" decoding=\"async\" src=\"http:\/\/diablo3.ingame.de\/files\/2013\/05\/diablo3-rumours.jpg\" alt=\"Diablo 3 rumour, Ger\u00fcchte\" width=\"615\" height=\"266\" class=\"aligncenter size-full wp-image-544009\" \/><\/p>\n<p> Vor Kurzem (13. August) hat Blizzard &#8222;<strong>The Dark Below<\/strong>&#8220; als neues Trademark einf\u00fchren lassen. Schon brodelt die Ger\u00fcchtek\u00fcche. Auch im Battle.net Forum kursieren Ger\u00fcchte, worum es bei diesem Namen geht. Wor\u00fcber sich aber scheinbar alle einig sind: Das ist der Name f\u00fcr das n\u00e4chste Add-on. Bleibt nur die Frage, f\u00fcr welches Spiel. Dar\u00fcber wird kontrovers diskutiert. <\/p>\n<p> Die einen meinen, es w\u00e4re die Ank\u00fcndigung f\u00fcr das neue WoW Add-on. Dies wird damit begr\u00fcndet, dass &#8222;Below&#8220; auf die Brennende Legion schlie\u00dfen lassen d\u00fcrfte, die einst zum Ende der WoW Beta im Jahr 2005 s\u00e4mtliches Leben in Schutt und Asche legte. Ausserdem sagt ein Boss aus &#8222;Throne of Thunder&#8220; nachdem er besiegt wurde, dass es eine dunkle endlose Grube unter den F\u00fc\u00dfen der Helden gibt.<\/p>\n<p> Andere sagen, es handelt sich um den Namen des neuen Diablo 3 Add-ons. Die Begr\u00fcndung ist dieselbe. &#8222;<strong>The Dark Below<\/strong>&#8220; klingt nach dem eisernen Griff der H\u00f6lle, welche nach der Herrschaft \u00fcber Sanktuario giert. Doch die Diablo 3 Community hat noch ein weiteres Argument in der Hinterhand. Blizzard hat zur Gamescom in einer Pressemitteilung gesagt: <\/p>\n<div class=\"blizzquote\">\n<p>&#8230;<\/p>\n<p> Wir planen eine spezielle Ank\u00fcndigung, die f\u00fcr Aufruhr sorgen k\u00f6nnte in den Hohen Himmeln, den Brennenden H\u00f6llen \u2013 und anderen d\u00fcsteren Orten, die dazwischen liegen <\/p>\n<p>&#8230;<\/p>\n<\/div>\n<p> Hier ein Bild von der Eintragung der Trademark beim amerikanischen Patentamt:<br \/>\n<a href=\"http:\/\/diablo3.ingame.de\/files\/2013\/08\/theDarkBelow.png\"><img loading=\"lazy\" decoding=\"async\" src=\"http:\/\/diablo3.ingame.de\/files\/2013\/08\/theDarkBelow.png\" alt=\"theDarkBelow\" width=\"900\" height=\"598\" class=\"aligncenter size-full wp-image-546555\" \/><\/a><\/p>\n<p> Was steckt wirklich hinter &#8222;<strong>The Dark Below<\/strong>&#8222;? Noch k\u00f6nnen wir eine gute Woche nur gr\u00fcbeln, spekulieren, raten und nat\u00fcrlich etwas am\u00fcsante Ironie anbringen. Was dies letztendlich zu bedeuten hat, erfahren wir wohl erst auf der Gamescom. Lasst eurer Phantasie doch freien lauf und teilt uns mit, was ihr denkt! <\/p>\n<p> Quellen:<a href=\"http:\/\/www.mmo-champion.com\/content\/3339-Blizzard-Trademarks-The-Dark-Below-WoW-or-D3-Expansion\" target=\"_blank\" rel=\"noopener\">Bild<\/a> <a href=\"http:\/\/teas.uspto.gov\/forms\/xslt.service?nozip=yes&#038;stamp=USPTO\/FTK-85.30.55.196-20130812111215630023-eTEAS-5005422b08dc13ddb96c6baaef28127471a3c10432b5a3d5e8034ddc737239396f7\" target=\"_blank\" rel=\"noopener\">US Patentamt Daten<\/a> <a href=\"http:\/\/teas.uspto.gov\/forms\/xslt.service?nozip=yes&#038;stamp=USPTO\/FTK-85.30.55.196-20130812111215630023-eTEAS-5005422b08dc13ddb96c6baaef28127471a3c10432b5a3d5e8034ddc737239396f7&#038;obj=mark.jpg\" target=\"_blank\" rel=\"noopener\">US Patentamt Mark<\/a><\/p>\n","protected":false},"excerpt":{"rendered":"<p>Vor Kurzem (13. August) hat Blizzard &#8222;The Dark Below&#8220; als neues Trademark einf\u00fchren lassen. Schon brodelt die Ger\u00fcchtek\u00fcche. Auch im Battle.net Forum kursieren Ger\u00fcchte, worum es bei diesem Namen geht. Wor\u00fcber sich aber scheinbar alle einig sind: Das ist der Name f\u00fcr das n\u00e4chste Add-on. Bleibt nur die Frage, f\u00fcr welches Spiel. Dar\u00fcber wird kontrovers&hellip; <a class=\"more-link\" href=\"https:\/\/planetdiablo.eu\/de\/neues-blizzard-trademark-the-dark-below\/546535\/\"><span class=\"screen-reader-text\">Neue Blizzard Trademark: &quot;The Dark Below&quot;<\/span> weiterlesen<\/a><\/p>\n","protected":false},"author":858,"featured_media":0,"comment_status":"open","ping_status":"open","sticky":false,"template":"","format":"standard","meta":{"footnotes":""},"categories":[4,5,3],"tags":[74,436,1605],"class_list":["post-546535","post","type-post","status-publish","format-standard","hentry","category-allgemein","category-gaming-news","category-news","tag-addon","tag-diablo-3","tag-the-dark-below","entry"],"_links":{"self":[{"href":"https:\/\/planetdiablo.eu\/de\/wp-json\/wp\/v2\/posts\/546535","targetHints":{"allow":["GET"]}}],"collection":[{"href":"https:\/\/planetdiablo.eu\/de\/wp-json\/wp\/v2\/posts"}],"about":[{"href":"https:\/\/planetdiablo.eu\/de\/wp-json\/wp\/v2\/types\/post"}],"author":[{"embeddable":true,"href":"https:\/\/planetdiablo.eu\/de\/wp-json\/wp\/v2\/users\/858"}],"replies":[{"embeddable":true,"href":"https:\/\/planetdiablo.eu\/de\/wp-json\/wp\/v2\/comments?post=546535"}],"version-history":[{"count":0,"href":"https:\/\/planetdiablo.eu\/de\/wp-json\/wp\/v2\/posts\/546535\/revisions"}],"wp:attachment":[{"href":"https:\/\/planetdiablo.eu\/de\/wp-json\/wp\/v2\/media?parent=546535"}],"wp:term":[{"taxonomy":"category","embeddable":true,"href":"https:\/\/planetdiablo.eu\/de\/wp-json\/wp\/v2\/categories?post=546535"},{"taxonomy":"post_tag","embeddable":true,"href":"https:\/\/planetdiablo.eu\/de\/wp-json\/wp\/v2\/tags?post=546535"}],"curies":[{"name":"wp","href":"https:\/\/api.w.org\/{rel}","templated":true}]}}