{"id":579753,"date":"2019-02-25T10:13:20","date_gmt":"2019-02-25T09:13:20","guid":{"rendered":"https:\/\/diablo3.ingame.de\/?p=579753"},"modified":"2019-02-25T10:13:20","modified_gmt":"2019-02-25T09:13:20","slug":"diablo-3-season-16-wird-wegen-grossem-erfolg-verlaengert","status":"publish","type":"post","link":"https:\/\/planetdiablo.eu\/de\/diablo-3-season-16-wird-wegen-grossem-erfolg-verlaengert\/579753\/","title":{"rendered":"Diablo 3: Season 16 wird wegen grossem Erfolg verl\u00e4ngert"},"content":{"rendered":"<p><a href=\"https:\/\/diablo3.ingame.de\/files\/2013\/08\/Diablo-3-RoS-Logo_close.jpg\"><img loading=\"lazy\" decoding=\"async\" src=\"https:\/\/diablo3.ingame.de\/files\/2013\/08\/Diablo-3-RoS-Logo_close-517x223.jpg\" alt=\"Diablo 3 Reaper of Souls Logo Close-up\" width=\"517\" height=\"223\" class=\"aligncenter size-large wp-image-547117\" \/><\/a><\/p>\n<p>Am Wochenende gab es mehrere Anzeichen dass es mit Diablo 3 weitergeht: Die Entwickler h\u00f6ren *hust* auf die Spieler und verl\u00e4ngern die Season 16 bis zum 12. Mai 2019. Grund ist nach Ansage der Community Managerin Nevalistis (Brandy Carmel) folgender:<\/p>\n<div class=\"blizzquote\">\n<p><a href=\"https:\/\/us.battle.net\/forums\/en\/d3\/topic\/20771057397?page=1\" rel=\"noopener noreferrer\" target=\"_blank\">Nevalistis<\/a>: Season 16 has proved to be our most popular Themed Season yet, and we\u2019re glad to hear so many of you are enjoying experimenting with the Ring of Royal Grandeur buff. We\u2019ve seen some really cool and unique builds come out of community theorycrafting and seeing them play out in practice has been exciting! We have plans for Season 17, but they are going to need some time for us to test both internally and via PTR closer to launch.<br \/>\nTo accommodate both the desire we\u2019ve heard for an extension of Season 16 as well as to give us more time to prepare Season 17 (and Patch 2.6.5), we are moving the Season 16 end date to May 12. <\/p>\n<\/div>\n<div class=\"blizzquote\">\n<p><strong>\u00dcbersetzung<\/strong>: Die Season 16 hat bislang den gr\u00f6\u00dften Zuspruch aller themenbasierten Seasons gefunden. Wir freuen uns dass Ihr Spass am Ausprobieren mit dem Buff des &#8222;Ring des K\u00f6niglichen Prunks&#8220; habt. Wir haben ein paar wirklich coole und einzigartige Builds gesehen und es war ein Genuss diese gespielt zu sehen. Wir haben Pl\u00e4ne f\u00fcr die 17. Season und einen kommenden Patch 2.6.5, aber die brauchen noch etwas Zeit um intern und dann via PTR getestet zu werden.<\/p>\n<p> Um Euch und uns mehr Zeit zu geben haben wir also die Season bis zum 12. Mai verl\u00e4ngert.<\/p>\n<\/div>\n<p>Im gleichen Thread schrieb Nevalistis weiter, dass die normale Saisondauer von <a href=\"https:\/\/us.battle.net\/forums\/en\/d3\/topic\/20771057397?page=3#post-51\" rel=\"noopener noreferrer\" target=\"_blank\">drei Monaten<\/a> grunds\u00e4tzlich beibehalten werden soll weil das f\u00fcr die meisten Leute am besten passt.<\/p>\n<p>Tats\u00e4chlich d\u00fcrfte der aktuelle Buff den meisten Spielern entgegenkommen: Es sind leichter h\u00f6here Level zu erreichen, evtl. erwischt man auch ein paar hartn\u00e4ckige Non-Season-Spieler damit und die eine oder andere Buildvariante l\u00e4sst sich damit auch noch aust\u00fcfteln.<\/p>\n<p>Gleichzeitig ist Blizz auch ein wenig das Opfer des eigenen Erfolgs: Welcher Spieler wird akzeptieren dass k\u00fcnftig weniger Level zu erreichen sein werden wenn der Buff wegf\u00e4llt? Blizz wird also einen Augleich in irgendeiner Form liefern m\u00fcssen.<\/p>\n<p>Wann nun der PTR ge\u00f6ffnet wird steht noch in den Sternen. Zu fr\u00fch will man sein Pulver nicht verschiessen und Blizz braucht ja noch etwas Zeit. Vermutlich d\u00fcrfen wir ab Anfang April mit einem PTR rechnen der wie so oft, mehrere Wochen vor Ende der Season geschlossen werden wird.<\/p>\n<p>B\u00f6se Zungen in den Foren behaupten jetzt dass das bekannte und wegen der Verl\u00e4ngerung fast wiederholte &#8222;We double it&#8220; ein &#8222;We need more time&#8220; wird. Was meint Ihr dazu? Lautet das neue Mantra von Blizz nun &#8222;Wir brauchen noch etwas mehr Zeit?&#8220;<\/p>\n","protected":false},"excerpt":{"rendered":"<p>Am Wochenende gab es mehrere Anzeichen dass es mit Diablo 3 weitergeht: Die Entwickler h\u00f6ren *hust* auf die Spieler und verl\u00e4ngern die Season 16 bis zum 12. Mai 2019. Grund ist nach Ansage der Community Managerin Nevalistis (Brandy Carmel) folgender: Nevalistis: Season 16 has proved to be our most popular Themed Season yet, and we\u2019re&hellip; <a class=\"more-link\" href=\"https:\/\/planetdiablo.eu\/de\/diablo-3-season-16-wird-wegen-grossem-erfolg-verlaengert\/579753\/\"><span class=\"screen-reader-text\">Diablo 3: Season 16 wird wegen grossem Erfolg verl\u00e4ngert<\/span> weiterlesen<\/a><\/p>\n","protected":false},"author":762,"featured_media":579754,"comment_status":"open","ping_status":"open","sticky":false,"template":"","format":"standard","meta":{"footnotes":""},"categories":[5,3],"tags":[436,1196,1430,1431,1720],"class_list":["post-579753","post","type-post","status-publish","format-standard","has-post-thumbnail","hentry","category-gaming-news","category-news","tag-diablo-3","tag-patch-2-65","tag-season-16","tag-season-17","tag-verlaengerung","entry"],"_links":{"self":[{"href":"https:\/\/planetdiablo.eu\/de\/wp-json\/wp\/v2\/posts\/579753","targetHints":{"allow":["GET"]}}],"collection":[{"href":"https:\/\/planetdiablo.eu\/de\/wp-json\/wp\/v2\/posts"}],"about":[{"href":"https:\/\/planetdiablo.eu\/de\/wp-json\/wp\/v2\/types\/post"}],"author":[{"embeddable":true,"href":"https:\/\/planetdiablo.eu\/de\/wp-json\/wp\/v2\/users\/762"}],"replies":[{"embeddable":true,"href":"https:\/\/planetdiablo.eu\/de\/wp-json\/wp\/v2\/comments?post=579753"}],"version-history":[{"count":0,"href":"https:\/\/planetdiablo.eu\/de\/wp-json\/wp\/v2\/posts\/579753\/revisions"}],"wp:featuredmedia":[{"embeddable":true,"href":"https:\/\/planetdiablo.eu\/de\/wp-json\/wp\/v2\/media\/579754"}],"wp:attachment":[{"href":"https:\/\/planetdiablo.eu\/de\/wp-json\/wp\/v2\/media?parent=579753"}],"wp:term":[{"taxonomy":"category","embeddable":true,"href":"https:\/\/planetdiablo.eu\/de\/wp-json\/wp\/v2\/categories?post=579753"},{"taxonomy":"post_tag","embeddable":true,"href":"https:\/\/planetdiablo.eu\/de\/wp-json\/wp\/v2\/tags?post=579753"}],"curies":[{"name":"wp","href":"https:\/\/api.w.org\/{rel}","templated":true}]}}